{"id":462,"date":"2020-02-27T05:47:00","date_gmt":"2020-02-27T08:47:00","guid":{"rendered":"https:\/\/www.turbineseusite.com.br\/joabson\/?p=462"},"modified":"2021-02-02T05:48:25","modified_gmt":"2021-02-02T08:48:25","slug":"setor-de-maquinas-e-equipamentos-tem-queda-na-receita-de-36","status":"publish","type":"post","link":"https:\/\/www.turbineseusite.com.br\/joabson\/2020\/02\/27\/setor-de-maquinas-e-equipamentos-tem-queda-na-receita-de-36\/","title":{"rendered":"Setor de m\u00e1quinas e equipamentos tem queda na receita de 3,6%"},"content":{"rendered":"\n<h3 class=\"wp-block-heading\"><em>Queda foi influenciada pela diminui\u00e7\u00e3o das exporta\u00e7\u00f5es<\/em><\/h3>\n\n\n\n<p>O setor de m\u00e1quinas e equipamentos registrou queda de 3,6% na receita l\u00edquida de janeiro em compara\u00e7\u00e3o com o mesmo m\u00eas de 2019. Segundo balan\u00e7o divulgado, hoje (27), pela Associa\u00e7\u00e3o Brasileira da Ind\u00fastria de M\u00e1quinas e Equipamentos (Abimaq), a receita ficou em R$ 7,9 bilh\u00f5es no primeiro m\u00eas deste ano, uma retra\u00e7\u00e3o de 9,4% na compara\u00e7\u00e3o com dezembro do ano passado. No acumulado de 12 meses h\u00e1 uma ligeira alta de 0,3%, com uma receita l\u00edquida de R$ 121,8 bilh\u00f5es.A queda foi influenciada pela diminui\u00e7\u00e3o das exporta\u00e7\u00f5es, que tiveram uma redu\u00e7\u00e3o de 26,6% em janeiro em rela\u00e7\u00e3o ao mesmo m\u00eas de 2019, ficando em US$ 554,6 milh\u00f5es. No acumulado dos \u00faltimos 12 meses, a retra\u00e7\u00e3o \u00e9 de 7,8%, com as vendas para o exterior totalizando US$ 9,3 bilh\u00f5es.De acordo com a Abimaq, as exporta\u00e7\u00f5es vinham caindo devido a diversos fatores externos, como a recess\u00e3o argentina e a guerra comercial entre a China e os Estados Unidos. Esse cen\u00e1rio ficou, segundo a associa\u00e7\u00e3o, ainda mais complicado com o surto do novo coronav\u00edrus.As vendas de m\u00e1quinas para os Estados Unidos apresentaram queda de 44,8% em janeiro em compara\u00e7\u00e3o com o primeiro m\u00eas de 2019. Os norte-americanos representam 27,6% do mercado externo do setor. A Am\u00e9rica Latina, destino de 33,7% das vendas para o exterior, teve retra\u00e7\u00e3o de 12,3% nas compras de janeiro. Enquanto as vendas para a Europa ca\u00edram 9,4%.O n\u00edvel de emprego no setor registrou alta de 0,9% em janeiro na compara\u00e7\u00e3o com dezembro de 2019, com 305,2 mil pessoas empregadas. Em 12 meses, o n\u00famero representa um crescimento de 2,7%.<br>Fonte: Ag\u00eancia Brasil<\/p>\n\n\n\n<p>Foto: Arquivo\/Ag\u00eancia Brasil<\/p>\n","protected":false},"excerpt":{"rendered":"<p>Queda foi influenciada pela diminui\u00e7\u00e3o das exporta\u00e7\u00f5es O setor de m\u00e1quinas e equipamentos registrou queda de 3,6% na receita l\u00edquida de janeiro em compara\u00e7\u00e3o com o mesmo m\u00eas de 2019. Segundo balan\u00e7o divulgado, hoje (27), pela Associa\u00e7\u00e3o Brasileira da Ind\u00fastria de M\u00e1quinas e Equipamentos (Abimaq), a receita ficou em R$ 7,9 bilh\u00f5es no primeiro m\u00eas [&hellip;]<\/p>\n","protected":false},"author":2,"featured_media":463,"comment_status":"open","ping_status":"open","sticky":false,"template":"","format":"standard","meta":{"_et_pb_use_builder":"off","_et_pb_old_content":"","_et_gb_content_width":"","footnotes":""},"categories":[15],"tags":[24,25],"class_list":["post-462","post","type-post","status-publish","format-standard","has-post-thumbnail","hentry","category-economia","tag-emprego","tag-exportacoes"],"_links":{"self":[{"href":"https:\/\/www.turbineseusite.com.br\/joabson\/wp-json\/wp\/v2\/posts\/462","targetHints":{"allow":["GET"]}}],"collection":[{"href":"https:\/\/www.turbineseusite.com.br\/joabson\/wp-json\/wp\/v2\/posts"}],"about":[{"href":"https:\/\/www.turbineseusite.com.br\/joabson\/wp-json\/wp\/v2\/types\/post"}],"author":[{"embeddable":true,"href":"https:\/\/www.turbineseusite.com.br\/joabson\/wp-json\/wp\/v2\/users\/2"}],"replies":[{"embeddable":true,"href":"https:\/\/www.turbineseusite.com.br\/joabson\/wp-json\/wp\/v2\/comments?post=462"}],"version-history":[{"count":1,"href":"https:\/\/www.turbineseusite.com.br\/joabson\/wp-json\/wp\/v2\/posts\/462\/revisions"}],"predecessor-version":[{"id":464,"href":"https:\/\/www.turbineseusite.com.br\/joabson\/wp-json\/wp\/v2\/posts\/462\/revisions\/464"}],"wp:featuredmedia":[{"embeddable":true,"href":"https:\/\/www.turbineseusite.com.br\/joabson\/wp-json\/wp\/v2\/media\/463"}],"wp:attachment":[{"href":"https:\/\/www.turbineseusite.com.br\/joabson\/wp-json\/wp\/v2\/media?parent=462"}],"wp:term":[{"taxonomy":"category","embeddable":true,"href":"https:\/\/www.turbineseusite.com.br\/joabson\/wp-json\/wp\/v2\/categories?post=462"},{"taxonomy":"post_tag","embeddable":true,"href":"https:\/\/www.turbineseusite.com.br\/joabson\/wp-json\/wp\/v2\/tags?post=462"}],"curies":[{"name":"wp","href":"https:\/\/api.w.org\/{rel}","templated":true}]}}