{"id":459,"date":"2019-10-07T05:45:00","date_gmt":"2019-10-07T08:45:00","guid":{"rendered":"https:\/\/www.turbineseusite.com.br\/joabson\/?p=459"},"modified":"2021-02-02T05:46:59","modified_gmt":"2021-02-02T08:46:59","slug":"comite-instituido-por-mp-da-liberdade-economica-sera-ampliado","status":"publish","type":"post","link":"https:\/\/www.turbineseusite.com.br\/joabson\/2019\/10\/07\/comite-instituido-por-mp-da-liberdade-economica-sera-ampliado\/","title":{"rendered":"Comit\u00ea institu\u00eddo por MP da Liberdade Econ\u00f4mica ser\u00e1 ampliado"},"content":{"rendered":"\n<h3 class=\"wp-block-heading\"><em>\u00d3rg\u00e3o que edita s\u00famulas ter\u00e1 representantes de contribuintes<\/em><\/h3>\n\n\n\n<p>Institu\u00eddo pela Medida Provis\u00f3ria (MP) da Liberdade Econ\u00f4mica, o Comit\u00ea de S\u00famulas da Administra\u00e7\u00e3o Tribut\u00e1ria Federal ser\u00e1 ampliado para ter a participa\u00e7\u00e3o de representantes dos contribuintes. O Minist\u00e9rio da Economia revogou&nbsp;hoje&nbsp;(7) a portaria que regulamentava o \u00f3rg\u00e3o.Com poder para editar s\u00famulas que vincular\u00e3o os atos normativos para contribuintes devedores, Comit\u00ea de S\u00famulas pretende unificar as decis\u00f5es do governo em rela\u00e7\u00e3o a devedores da Uni\u00e3o. Os inadimplentes na esfera tribut\u00e1ria s\u00e3o julgados pelo Conselho Administrativo de Recursos Fiscais da Receita Federal (Carf), e os devedores inscritos na d\u00edvida ativa (com cobran\u00e7a em ju\u00edzo), s\u00e3o julgados pela Procuradoria-Geral da Fazenda Nacional (PGFN).Criado pela&nbsp;<a href=\"http:\/\/agenciabrasil.ebc.com.br\/economia\/noticia\/2019-08\/entenda-principais-mudancas-da-mp-da-liberdade-economica-0\">MP da Liberdade Econ\u00f4mica<\/a>, aprovada no fim&nbsp;de agosto, o comit\u00ea fixar\u00e1 s\u00famulas de quest\u00f5es tribut\u00e1rias pacificadas. Em nota, o Minist\u00e9rio da Economia explicou que propor\u00e1 a edi\u00e7\u00e3o de uma nova regulamenta\u00e7\u00e3o que ser\u00e1 submetida a consulta p\u00fablica.Editada em&nbsp;30 de setembro, a portaria anterior s\u00f3 estabelecia a participa\u00e7\u00e3o de representantes da Receita Federal, do Carf e da PGFN no Comit\u00ea de S\u00famulas. A nova minuta, informou o minist\u00e9rio, pretende respeitar a atual composi\u00e7\u00e3o parit\u00e1ria do Carf (com representantes do governo e da sociedade) ao garantir a presen\u00e7a de representantes dos contribuintes no novo \u00f3rg\u00e3o.<br>Fonte: Ag\u00eancia Brasil<\/p>\n","protected":false},"excerpt":{"rendered":"<p>\u00d3rg\u00e3o que edita s\u00famulas ter\u00e1 representantes de contribuintes Institu\u00eddo pela Medida Provis\u00f3ria (MP) da Liberdade Econ\u00f4mica, o Comit\u00ea de S\u00famulas da Administra\u00e7\u00e3o Tribut\u00e1ria Federal ser\u00e1 ampliado para ter a participa\u00e7\u00e3o de representantes dos contribuintes. O Minist\u00e9rio da Economia revogou&nbsp;hoje&nbsp;(7) a portaria que regulamentava o \u00f3rg\u00e3o.Com poder para editar s\u00famulas que vincular\u00e3o os atos normativos para [&hellip;]<\/p>\n","protected":false},"author":2,"featured_media":460,"comment_status":"open","ping_status":"open","sticky":false,"template":"","format":"standard","meta":{"_et_pb_use_builder":"off","_et_pb_old_content":"","_et_gb_content_width":"","footnotes":""},"categories":[15],"tags":[23],"class_list":["post-459","post","type-post","status-publish","format-standard","has-post-thumbnail","hentry","category-economia","tag-liberdade-economica"],"_links":{"self":[{"href":"https:\/\/www.turbineseusite.com.br\/joabson\/wp-json\/wp\/v2\/posts\/459","targetHints":{"allow":["GET"]}}],"collection":[{"href":"https:\/\/www.turbineseusite.com.br\/joabson\/wp-json\/wp\/v2\/posts"}],"about":[{"href":"https:\/\/www.turbineseusite.com.br\/joabson\/wp-json\/wp\/v2\/types\/post"}],"author":[{"embeddable":true,"href":"https:\/\/www.turbineseusite.com.br\/joabson\/wp-json\/wp\/v2\/users\/2"}],"replies":[{"embeddable":true,"href":"https:\/\/www.turbineseusite.com.br\/joabson\/wp-json\/wp\/v2\/comments?post=459"}],"version-history":[{"count":1,"href":"https:\/\/www.turbineseusite.com.br\/joabson\/wp-json\/wp\/v2\/posts\/459\/revisions"}],"predecessor-version":[{"id":461,"href":"https:\/\/www.turbineseusite.com.br\/joabson\/wp-json\/wp\/v2\/posts\/459\/revisions\/461"}],"wp:featuredmedia":[{"embeddable":true,"href":"https:\/\/www.turbineseusite.com.br\/joabson\/wp-json\/wp\/v2\/media\/460"}],"wp:attachment":[{"href":"https:\/\/www.turbineseusite.com.br\/joabson\/wp-json\/wp\/v2\/media?parent=459"}],"wp:term":[{"taxonomy":"category","embeddable":true,"href":"https:\/\/www.turbineseusite.com.br\/joabson\/wp-json\/wp\/v2\/categories?post=459"},{"taxonomy":"post_tag","embeddable":true,"href":"https:\/\/www.turbineseusite.com.br\/joabson\/wp-json\/wp\/v2\/tags?post=459"}],"curies":[{"name":"wp","href":"https:\/\/api.w.org\/{rel}","templated":true}]}}