{"id":368,"date":"2021-01-05T17:39:00","date_gmt":"2021-01-05T20:39:00","guid":{"rendered":"https:\/\/www.turbineseusite.com.br\/joabson\/?p=368"},"modified":"2021-02-02T04:20:41","modified_gmt":"2021-02-02T07:20:41","slug":"policia-militar-prende-mais-um-suspeito-de-trafico-em-bayeux","status":"publish","type":"post","link":"https:\/\/www.turbineseusite.com.br\/joabson\/2021\/01\/05\/policia-militar-prende-mais-um-suspeito-de-trafico-em-bayeux\/","title":{"rendered":"Pol\u00edcia Militar prende mais um suspeito de tr\u00e1fico em Bayeux"},"content":{"rendered":"\n<p>A Pol\u00edcia Militar segue no combate ao tr\u00e1fico de drogas na regi\u00e3o metropolitana de Jo\u00e3o Pessoa e, no in\u00edcio da tarde desta ter\u00e7a-feira (05), mais um suspeito foi preso (foto acima ilustrativa). Dessa vez, a pris\u00e3o aconteceu no bairro Alto da Boa Vista, na cidade de Bayeux, resultando na apreens\u00e3o de entorpecentes e dinheiro.<\/p>\n\n\n\n<p>O suspeito, de 23 anos de idade e que j\u00e1 tinha passagem pelo crime de roubo, foi preso pelos policiais da 4\u00aa Companhia Independente ao tentar fugir de uma abordagem. Com ele, policiais encontraram por\u00e7\u00f5es de drogas em uma sacola. Do local onde ele havia fugido, nas proximidades de uma casa abandonada, outros entorpecentes e materiais do tr\u00e1fico tamb\u00e9m foram localizados.<\/p>\n\n\n\n<p>Ao todo, a a\u00e7\u00e3o da PM apreendeu um tablete de subst\u00e2ncia semelhante \u00e0 maconha com 400 gramas, 91 por\u00e7\u00f5es da mesma droga e de crack, uma balan\u00e7a de precis\u00e3o e dinheiro.<\/p>\n\n\n\n<p>Todo o material e o suspeito preso foram apresentados na 5\u00aa Delegacia Distrital, onde ele foi autuado pelo crime de tr\u00e1fico de drogas. A a\u00e7\u00e3o da PM contou com apoio da Coordenadoria de Intelig\u00eancia da corpora\u00e7\u00e3o.<\/p>\n\n\n\n<p>Fonte: Pol\u00edcia Militar da Para\u00edba<\/p>\n\n\n\n<p>Publicado originalmente em meu blog: <a href=\"http:\/\/joabsonjoao.blogspot.com\/2021\/01\/policia-militar-prende-mais-um-suspeito.html\">http:\/\/joabsonjoao.blogspot.com\/2021\/01\/policia-militar-prende-mais-um-suspeito.html<\/a><\/p>\n","protected":false},"excerpt":{"rendered":"<p>A Pol\u00edcia Militar segue no combate ao tr\u00e1fico de drogas na regi\u00e3o metropolitana de Jo\u00e3o Pessoa e, no in\u00edcio da tarde desta ter\u00e7a-feira (05), mais um suspeito foi preso (foto acima ilustrativa). Dessa vez, a pris\u00e3o aconteceu no bairro Alto da Boa Vista, na cidade de Bayeux, resultando na apreens\u00e3o de entorpecentes e dinheiro. O [&hellip;]<\/p>\n","protected":false},"author":2,"featured_media":369,"comment_status":"open","ping_status":"open","sticky":false,"template":"","format":"standard","meta":{"_et_pb_use_builder":"off","_et_pb_old_content":"","_et_gb_content_width":"","footnotes":""},"categories":[5],"tags":[10,11,9],"class_list":["post-368","post","type-post","status-publish","format-standard","has-post-thumbnail","hentry","category-politica","tag-bayeux","tag-drogas","tag-policia-militar-da-paraiba"],"_links":{"self":[{"href":"https:\/\/www.turbineseusite.com.br\/joabson\/wp-json\/wp\/v2\/posts\/368","targetHints":{"allow":["GET"]}}],"collection":[{"href":"https:\/\/www.turbineseusite.com.br\/joabson\/wp-json\/wp\/v2\/posts"}],"about":[{"href":"https:\/\/www.turbineseusite.com.br\/joabson\/wp-json\/wp\/v2\/types\/post"}],"author":[{"embeddable":true,"href":"https:\/\/www.turbineseusite.com.br\/joabson\/wp-json\/wp\/v2\/users\/2"}],"replies":[{"embeddable":true,"href":"https:\/\/www.turbineseusite.com.br\/joabson\/wp-json\/wp\/v2\/comments?post=368"}],"version-history":[{"count":1,"href":"https:\/\/www.turbineseusite.com.br\/joabson\/wp-json\/wp\/v2\/posts\/368\/revisions"}],"predecessor-version":[{"id":370,"href":"https:\/\/www.turbineseusite.com.br\/joabson\/wp-json\/wp\/v2\/posts\/368\/revisions\/370"}],"wp:featuredmedia":[{"embeddable":true,"href":"https:\/\/www.turbineseusite.com.br\/joabson\/wp-json\/wp\/v2\/media\/369"}],"wp:attachment":[{"href":"https:\/\/www.turbineseusite.com.br\/joabson\/wp-json\/wp\/v2\/media?parent=368"}],"wp:term":[{"taxonomy":"category","embeddable":true,"href":"https:\/\/www.turbineseusite.com.br\/joabson\/wp-json\/wp\/v2\/categories?post=368"},{"taxonomy":"post_tag","embeddable":true,"href":"https:\/\/www.turbineseusite.com.br\/joabson\/wp-json\/wp\/v2\/tags?post=368"}],"curies":[{"name":"wp","href":"https:\/\/api.w.org\/{rel}","templated":true}]}}