{"id":365,"date":"2021-01-05T17:46:00","date_gmt":"2021-01-05T20:46:00","guid":{"rendered":"https:\/\/www.turbineseusite.com.br\/joabson\/?p=365"},"modified":"2021-02-02T04:20:41","modified_gmt":"2021-02-02T07:20:41","slug":"pm-reforca-combate-a-grupos-criminosos-ligados-ao-trafico-na-grande-joao-pessoa","status":"publish","type":"post","link":"https:\/\/www.turbineseusite.com.br\/joabson\/2021\/01\/05\/pm-reforca-combate-a-grupos-criminosos-ligados-ao-trafico-na-grande-joao-pessoa\/","title":{"rendered":"PM refor\u00e7a combate a grupos criminosos ligados ao tr\u00e1fico na Grande Jo\u00e3o Pessoa"},"content":{"rendered":"\n<p>A Pol\u00edcia Militar intensificou o combate aos grupos ligados ao tr\u00e1fico de drogas, na Grande Jo\u00e3o Pessoa, e apreendeu uma arma que estaria sendo usada em um tiroteio, na noite dessa segunda-feira (4), na cidade de Bayeux. Na a\u00e7\u00e3o, um homem de 25 anos, suspeito de integrar um dos grupos, foi preso em flagrante.<\/p>\n\n\n\n<p><br>Ele foi interceptado em um carro, saindo da Rua dos Canos, no bairro da Imaculada, onde teria acontecido um tiroteio entre dois grupos j\u00e1 identificados. A arma foi apreendida abandonada na localidade. Dentro do ve\u00edculo do preso, foram encontrados estojos de muni\u00e7\u00f5es de dois calibres diferentes. Ele estava ferido de rasp\u00e3o na orelha e foi levado para receber atendimento no Hospital de Trauma da Capital.<br><br>A PM tem intensificado as a\u00e7\u00f5es em pelo menos seis bairros da grande Jo\u00e3o Pessoa para prender os integrantes de grupos criminosos que estariam envolvidos em tiroteios e homic\u00eddios.<br><br><strong>Opera\u00e7\u00e3o Cometa<\/strong>&nbsp;<\/p>\n\n\n\n<p>No m\u00eas passado, pelo menos 14 armas de v\u00e1rios calibres foram apreendidas com integrantes desses grupos criminosos, principalmente na cidade de Bayeux, com o refor\u00e7o da Opera\u00e7\u00e3o Cometa, que conta com a atua\u00e7\u00e3o de equipes do Batalh\u00e3o de Opera\u00e7\u00f5es Especiais (BOPE). Mais de 20 pris\u00f5es foram contabilizadas de pessoas com algum tipo de v\u00ednculo com os grupos que atuam na Grande Jo\u00e3o Pessoa.<br><br>A pris\u00e3o dessa segunda-feira (4), em Bayeux, foi registrada na 6\u00aa Delegacia Distrital, em Santa Rita.<\/p>\n\n\n\n<p>Fonte: Pol\u00edcia Militar da Para\u00edba<\/p>\n\n\n\n<p>Publicado originalmente em meu blog: <a href=\"http:\/\/joabsonjoao.blogspot.com\/2021\/01\/pm-reforca-combate-grupos-criminosos.html\">http:\/\/joabsonjoao.blogspot.com\/2021\/01\/pm-reforca-combate-grupos-criminosos.html<\/a><\/p>\n","protected":false},"excerpt":{"rendered":"<p>A Pol\u00edcia Militar intensificou o combate aos grupos ligados ao tr\u00e1fico de drogas, na Grande Jo\u00e3o Pessoa, e apreendeu uma arma que estaria sendo usada em um tiroteio, na noite dessa segunda-feira (4), na cidade de Bayeux. Na a\u00e7\u00e3o, um homem de 25 anos, suspeito de integrar um dos grupos, foi preso em flagrante. Ele [&hellip;]<\/p>\n","protected":false},"author":2,"featured_media":366,"comment_status":"open","ping_status":"open","sticky":false,"template":"","format":"standard","meta":{"_et_pb_use_builder":"off","_et_pb_old_content":"","_et_gb_content_width":"","footnotes":""},"categories":[5],"tags":[8,9],"class_list":["post-365","post","type-post","status-publish","format-standard","has-post-thumbnail","hentry","category-politica","tag-operacao-cometa","tag-policia-militar-da-paraiba"],"_links":{"self":[{"href":"https:\/\/www.turbineseusite.com.br\/joabson\/wp-json\/wp\/v2\/posts\/365","targetHints":{"allow":["GET"]}}],"collection":[{"href":"https:\/\/www.turbineseusite.com.br\/joabson\/wp-json\/wp\/v2\/posts"}],"about":[{"href":"https:\/\/www.turbineseusite.com.br\/joabson\/wp-json\/wp\/v2\/types\/post"}],"author":[{"embeddable":true,"href":"https:\/\/www.turbineseusite.com.br\/joabson\/wp-json\/wp\/v2\/users\/2"}],"replies":[{"embeddable":true,"href":"https:\/\/www.turbineseusite.com.br\/joabson\/wp-json\/wp\/v2\/comments?post=365"}],"version-history":[{"count":1,"href":"https:\/\/www.turbineseusite.com.br\/joabson\/wp-json\/wp\/v2\/posts\/365\/revisions"}],"predecessor-version":[{"id":367,"href":"https:\/\/www.turbineseusite.com.br\/joabson\/wp-json\/wp\/v2\/posts\/365\/revisions\/367"}],"wp:featuredmedia":[{"embeddable":true,"href":"https:\/\/www.turbineseusite.com.br\/joabson\/wp-json\/wp\/v2\/media\/366"}],"wp:attachment":[{"href":"https:\/\/www.turbineseusite.com.br\/joabson\/wp-json\/wp\/v2\/media?parent=365"}],"wp:term":[{"taxonomy":"category","embeddable":true,"href":"https:\/\/www.turbineseusite.com.br\/joabson\/wp-json\/wp\/v2\/categories?post=365"},{"taxonomy":"post_tag","embeddable":true,"href":"https:\/\/www.turbineseusite.com.br\/joabson\/wp-json\/wp\/v2\/tags?post=365"}],"curies":[{"name":"wp","href":"https:\/\/api.w.org\/{rel}","templated":true}]}}