{"id":362,"date":"2021-01-05T17:50:00","date_gmt":"2021-01-05T20:50:00","guid":{"rendered":"https:\/\/www.turbineseusite.com.br\/joabson\/?p=362"},"modified":"2025-04-23T01:35:14","modified_gmt":"2025-04-23T04:35:14","slug":"bolsonaro-diz-que-pandemia-complicou-mexer-na-tabela-do-ir","status":"publish","type":"post","link":"https:\/\/www.turbineseusite.com.br\/joabson\/2021\/01\/05\/bolsonaro-diz-que-pandemia-complicou-mexer-na-tabela-do-ir\/","title":{"rendered":"Bolsonaro diz que pandemia &#8220;complicou&#8221; mexer na tabela do IR"},"content":{"rendered":"\n<p>O presidente Jair Bolsonaro disse nesta ter\u00e7a-feira em conversa com apoiadores que gostaria de fazer a corre\u00e7\u00e3o da tabela do Imposto de Renda, lembrando que era uma de suas promessas de campanha, mas ressalvou que n\u00e3o esperava ter de enfrentar uma pandemia.<\/p>\n\n\n\n<p>\u201cEu queria mexer na tabela do imposto de renda, os caras me cobram como pol\u00edtica de campanha, mas eu n\u00e3o esperava essa pandemia pela frente, nos endividamos em aproximadamente 700 bilh\u00f5es de reais, complicou mexer nisso a\u00ed\u201d disse o presidente.<\/p>\n\n\n\n<p>Mais cedo, Bolsonaro j\u00e1 havia citado que gostaria de ter alterado a tabela do Imposto de Renda, ao dizer que o Brasil est\u00e1 \u201cquebrado\u201d e que, por causa disso, n\u00e3o consegue fazer nada do que gostaria.<\/p>\n\n\n\n<p>Bolsonaro tem pintado um retrato negativo da situa\u00e7\u00e3o da economia brasileira nos \u00faltimos dias. No fim de 2020, o presidente afirmou por mais de uma vez que o pa\u00eds chegou ao \u201climite do endividamento\u201d por causa das medidas adotadas para fazer frente aos impactos da pandemia.<\/p>\n\n\n\n<p>Bolsonaro tamb\u00e9m voltou a dizer que considera \u201cmenos ruim\u201d ter alguma infla\u00e7\u00e3o ao pa\u00eds passar por um desabastecimento, citando as recentes altas de pre\u00e7os em produtos como arroz e \u00f3leo de soja.<\/p>\n\n\n\n<p>Fonte: Reuters \u2013 Imagem: REUTERS\/Adriano Machado<\/p>\n\n\n\n<p>Publicado originalmente em meu blog: <a href=\"http:\/\/joabsonjoao.blogspot.com\/2021\/01\/bolsonaro-diz-que-pandemia-complicou.html\">http:\/\/joabsonjoao.blogspot.com\/2021\/01\/bolsonaro-diz-que-pandemia-complicou.html<\/a><\/p>\n","protected":false},"excerpt":{"rendered":"<p>O presidente Jair Bolsonaro disse nesta ter\u00e7a-feira em conversa com apoiadores que gostaria de fazer a corre\u00e7\u00e3o da tabela do Imposto de Renda, lembrando que era uma de suas promessas de campanha, mas ressalvou que n\u00e3o esperava ter de enfrentar uma pandemia. \u201cEu queria mexer na tabela do imposto de renda, os caras me cobram [&hellip;]<\/p>\n","protected":false},"author":2,"featured_media":0,"comment_status":"open","ping_status":"open","sticky":false,"template":"","format":"standard","meta":{"_et_pb_use_builder":"off","_et_pb_old_content":"","_et_gb_content_width":"","footnotes":""},"categories":[5],"tags":[6,7],"class_list":["post-362","post","type-post","status-publish","format-standard","hentry","category-politica","tag-jair-bolsonaro","tag-tabela-de-ir"],"_links":{"self":[{"href":"https:\/\/www.turbineseusite.com.br\/joabson\/wp-json\/wp\/v2\/posts\/362","targetHints":{"allow":["GET"]}}],"collection":[{"href":"https:\/\/www.turbineseusite.com.br\/joabson\/wp-json\/wp\/v2\/posts"}],"about":[{"href":"https:\/\/www.turbineseusite.com.br\/joabson\/wp-json\/wp\/v2\/types\/post"}],"author":[{"embeddable":true,"href":"https:\/\/www.turbineseusite.com.br\/joabson\/wp-json\/wp\/v2\/users\/2"}],"replies":[{"embeddable":true,"href":"https:\/\/www.turbineseusite.com.br\/joabson\/wp-json\/wp\/v2\/comments?post=362"}],"version-history":[{"count":1,"href":"https:\/\/www.turbineseusite.com.br\/joabson\/wp-json\/wp\/v2\/posts\/362\/revisions"}],"predecessor-version":[{"id":364,"href":"https:\/\/www.turbineseusite.com.br\/joabson\/wp-json\/wp\/v2\/posts\/362\/revisions\/364"}],"wp:attachment":[{"href":"https:\/\/www.turbineseusite.com.br\/joabson\/wp-json\/wp\/v2\/media?parent=362"}],"wp:term":[{"taxonomy":"category","embeddable":true,"href":"https:\/\/www.turbineseusite.com.br\/joabson\/wp-json\/wp\/v2\/categories?post=362"},{"taxonomy":"post_tag","embeddable":true,"href":"https:\/\/www.turbineseusite.com.br\/joabson\/wp-json\/wp\/v2\/tags?post=362"}],"curies":[{"name":"wp","href":"https:\/\/api.w.org\/{rel}","templated":true}]}}